{"id":2524,"date":"2021-03-05T16:06:27","date_gmt":"2021-03-05T15:06:27","guid":{"rendered":"https:\/\/www.lauranovita.com\/lauranovita.com\/?p=2524"},"modified":"2022-06-08T14:10:55","modified_gmt":"2022-06-08T12:10:55","slug":"image-professionnelle-vs-image-personnelle","status":"publish","type":"post","link":"https:\/\/www.lauranovita.com\/lauranovita.com\/index.php\/2021\/03\/05\/image-professionnelle-vs-image-personnelle\/","title":{"rendered":"Image professionnelle vs Image personnelle"},"content":{"rendered":"<div class=\"yoast-breadcrumbs\"><span><span><a href=\"https:\/\/www.lauranovita.com\/lauranovita.com\/\">Accueil<\/a> &raquo; <span class=\"breadcrumb_last\" aria-current=\"page\">Image professionnelle vs Image personnelle<\/span><\/span><\/span><\/div>\n\n\n<h3><em>Les diff\u00e9rences et les similitudes<\/em><\/h3>\n\n\n\n<div style=\"height:35px\" aria-hidden=\"true\" class=\"wp-block-spacer\"><\/div>\n\n\n\n<h4><mark style=\"background-color:rgba(0, 0, 0, 0);color:#fa6e16\" class=\"has-inline-color\">Qu&rsquo;est-ce que l&rsquo;image d&rsquo;une personne ?<\/mark><\/h4>\n\n\n\n<p>C&rsquo;est l&rsquo;image <strong>per\u00e7ue par ses interlocuteurs<\/strong>, ce que l&rsquo;on voit de la personne au premier coup d\u2019\u0153il. Notre <strong>image professionnelle<\/strong> est donc l&rsquo;image que notre <strong>entourage professionnel per\u00e7oit de nous<\/strong>. Et notre <strong>image personnelle<\/strong> est l&rsquo;image que notre <strong>entourage familial et amical voit de nous<\/strong>. Ces deux images regroupent l&rsquo;image statique : les v\u00eatements, la coiffure, les accessoires, le maquillage, les ongles, l&rsquo;\u00e9tat des v\u00eatements etc&#8230; ; et de l&rsquo;image mobile : les gestes, la posture, le regard, le sourire etc&#8230; <\/p>\n\n\n\n<p><strong><span style=\"color:#10069f\" class=\"has-inline-color\">Existe-t-il des similitudes entre l&rsquo;image personnelle et l&rsquo;image professionnelle ? O\u00f9 bien, sont-elles compl\u00e8tement diff\u00e9rentes ?<\/span> <\/strong><\/p>\n\n\n\n<div style=\"height:36px\" aria-hidden=\"true\" class=\"wp-block-spacer\"><\/div>\n\n\n\n<h4><mark style=\"background-color:rgba(0, 0, 0, 0);color:#fa6e16\" class=\"has-inline-color\">Un peu d&rsquo;histoire<\/mark><\/h4>\n\n\n\n<p>Au d\u00e9but du XX<sup>\u00e8me<\/sup> si\u00e8cle, l&rsquo;<strong>image professionnelle \u00e9tait tr\u00e8s codifi\u00e9e<\/strong>. Les ouvri\u00e8res et les ouvriers portaient des blouses et des bleus de travail. Tandis que les employ\u00e9s de banque portaient des costumes trois pi\u00e8ces. Certes, ces v\u00eatements \u00e9taient choisis pour des questions de praticit\u00e9, li\u00e9 aux t\u00e2ches qu&rsquo;ils avaient \u00e0 accomplir dans la journ\u00e9e. Bien s\u00fbr&#8230;mais pas que !<\/p>\n\n\n\n<p>A cette m\u00eame \u00e9poque, le <strong>v\u00eatement de tous les jours \u00e9tait aussi tr\u00e8s codifi\u00e9<\/strong>. On pouvait ais\u00e9ment distinguer \u00e0 quelle classe sociale une personne appartenait rien qu&rsquo;en la regardant. Lorsque nous appartenions \u00e0 une classe sociale il \u00e9tait tr\u00e8s difficile d&rsquo;en sortir, et nous portions le v\u00eatement repr\u00e9sentatif de cette classe sociale. Il y avait tr\u00e8s peu de place pour l&rsquo;individu.<\/p>\n\n\n\n<p>Et puis, <strong>la soci\u00e9t\u00e9 a \u00e9volu\u00e9 et la mode a suivi<\/strong>. Au fur et \u00e0 mesure des ann\u00e9es, les hommes et les femmes sont devenus de plus en plus libres. En France, au cours du XX<sup>\u00e8me<\/sup> si\u00e8cle la mobilit\u00e9 sociale \u00e0 vu le jour, les femmes aussi se sont \u00e9mancip\u00e9es et ont commenc\u00e9 \u00e0 porter des pantalons. <strong>Aujourd&rsquo;hui nous pouvons choisir la vie que nous souhaitons mener et les v\u00eatements que nous souhaitons porter<\/strong>.  <\/p>\n\n\n\n<div class=\"wp-block-columns\">\n<div class=\"wp-block-column\" style=\"flex-basis:100%\">\n<figure class=\"wp-block-embed aligncenter is-type-video is-provider-youtube wp-block-embed-youtube wp-embed-aspect-16-9 wp-has-aspect-ratio\"><div class=\"wp-block-embed__wrapper\">\n<iframe loading=\"lazy\" title=\"100 YEARS \/ STYLE \/ EAST LONDON\" width=\"1170\" height=\"658\" src=\"https:\/\/www.youtube.com\/embed\/Chyzk5lPNF4?feature=oembed\" frameborder=\"0\" allow=\"accelerometer; autoplay; clipboard-write; encrypted-media; gyroscope; picture-in-picture\" allowfullscreen><\/iframe>\n<\/div><\/figure>\n<\/div>\n<\/div>\n\n\n\n<p><strong><span style=\"color:#10069f\" class=\"has-inline-color\">Mais alors, puisqu&rsquo;il n&rsquo;y a plus vraiment de code, comment une image personnelle se construit-elle ? <\/span><\/strong><\/p>\n\n\n\n<div style=\"height:35px\" aria-hidden=\"true\" class=\"wp-block-spacer\"><\/div>\n\n\n\n<h4><mark style=\"background-color:rgba(0, 0, 0, 0);color:#fa6e16\" class=\"has-inline-color\">La construction d&rsquo;une image personnelle<\/mark><\/h4>\n\n\n\n<div class=\"wp-block-columns\">\n<div class=\"wp-block-column\">\n<p><strong>Notre v\u00e9cu et notre \u00e9ducation<\/strong><\/p>\n\n\n\n<p><strong>La mani\u00e8re dont nous nous percevons<\/strong> (nos complexes et nos atouts)<\/p>\n\n\n\n<p><strong>Nos priorit\u00e9s <\/strong>(confort vs esth\u00e9tisme)<\/p>\n\n\n\n<p><strong>Notre agenda  et les rencontres de la journ\u00e9e<\/strong><\/p>\n\n\n\n<p><strong>Notre envie d&rsquo;appartenir \u00e0 un groupe<\/strong><\/p>\n<\/div>\n\n\n\n<div class=\"wp-block-column\">\n<figure class=\"wp-block-image size-large\"><img loading=\"lazy\" width=\"925\" height=\"661\" src=\"https:\/\/www.lauranovita.com\/lauranovita.com\/wp-content\/uploads\/2021\/03\/a-model-in-red-suit-jacket-removing-sunglasses-2.jpg\" alt=\"Photo d'un look personnelle\" class=\"wp-image-2537\" srcset=\"https:\/\/www.lauranovita.com\/lauranovita.com\/wp-content\/uploads\/2021\/03\/a-model-in-red-suit-jacket-removing-sunglasses-2.jpg 925w, https:\/\/www.lauranovita.com\/lauranovita.com\/wp-content\/uploads\/2021\/03\/a-model-in-red-suit-jacket-removing-sunglasses-2-300x214.jpg 300w, https:\/\/www.lauranovita.com\/lauranovita.com\/wp-content\/uploads\/2021\/03\/a-model-in-red-suit-jacket-removing-sunglasses-2-768x549.jpg 768w, https:\/\/www.lauranovita.com\/lauranovita.com\/wp-content\/uploads\/2021\/03\/a-model-in-red-suit-jacket-removing-sunglasses-2-830x593.jpg 830w, https:\/\/www.lauranovita.com\/lauranovita.com\/wp-content\/uploads\/2021\/03\/a-model-in-red-suit-jacket-removing-sunglasses-2-230x164.jpg 230w, https:\/\/www.lauranovita.com\/lauranovita.com\/wp-content\/uploads\/2021\/03\/a-model-in-red-suit-jacket-removing-sunglasses-2-350x250.jpg 350w, https:\/\/www.lauranovita.com\/lauranovita.com\/wp-content\/uploads\/2021\/03\/a-model-in-red-suit-jacket-removing-sunglasses-2-480x343.jpg 480w\" sizes=\"(max-width: 925px) 100vw, 925px\" \/><\/figure>\n<\/div>\n\n\n\n<div class=\"wp-block-column\">\n<p><strong>Nos go\u00fbts<\/strong><\/p>\n\n\n\n<p><strong>Notre humeur du jour<\/strong><\/p>\n\n\n\n<p><strong>La mode<\/strong><\/p>\n\n\n\n<p><strong>Nos valeurs <\/strong><\/p>\n\n\n\n<p><strong>Notre personnalit\u00e9<\/strong><\/p>\n\n\n\n<p><strong>La m\u00e9t\u00e9o<\/strong><\/p>\n\n\n\n<p><strong>L&rsquo;image qu\u2019on a envie de donner \u00e0 soi et aux autres<\/strong><\/p>\n<\/div>\n<\/div>\n\n\n\n<p><strong>A travers le v\u00eatement nous nous exprimons !<\/strong> Notre image personnelle se construit principalement en fonction de <strong>notre personnalit\u00e9 et du regard des autres<\/strong>. Plus elle est en phase avec notre personnalit\u00e9, plus <strong>elle nourrit notre confiance en nous<\/strong>. Et vice-versa, plus nous avons confiance en nous, plus nous osons exprimer notre personnalit\u00e9 \u00e0 travers nos tenues vestimentaires en nous souciant peu du regard des autres. <\/p>\n\n\n\n<p><strong><span style=\"color:#10069f\" class=\"has-inline-color\">Quel but recherchez-vous lorsque vous cr\u00e9ez votre tenue ? Quelle place r\u00e9servez-vous au regard des autres ? Cherchez-vous \u00e0 int\u00e9grer un groupe en adoptant certains codes vestimentaires ? Mais surtout, comment vous sentez-vous dans vos v\u00eatements ? <\/span><\/strong><\/p>\n\n\n\n<div style=\"height:35px\" aria-hidden=\"true\" class=\"wp-block-spacer\"><\/div>\n\n\n\n<h4 id=\"construction-image-pro\"><mark style=\"background-color:rgba(0, 0, 0, 0);color:#fa6e16\" class=\"has-inline-color\">La construction d&rsquo;une image professionnelle<\/mark><\/h4>\n\n\n\n<p>Il existe des vestiges du pass\u00e9 dans certains corps de m\u00e9tier, comme par exemple la robe de l&rsquo;avocat, la blouse blanche du m\u00e9decin, le costume de l&#8217;employ\u00e9 de banque. Mais, globalement comme pour notre image personnelle, les codes vestimentaires du d\u00e9but du XX<sup>\u00e8me <\/sup>si\u00e8cle ont explos\u00e9s.  Et, la probl\u00e9matique auquel nous sommes tous confront\u00e9s aujourd&rsquo;hui est :<strong> \u00ab\u00a0Comment s&rsquo;y retrouve-t-on ? Comment construire son image professionnelle ?\u00a0\u00bb <\/strong><\/p>\n\n\n\n<div class=\"wp-block-columns are-vertically-aligned-center\">\n<div class=\"wp-block-column is-vertically-aligned-center\" style=\"flex-basis:66.66%\">\n<p>Car, \u00e0 la diff\u00e9rence de l&rsquo;image personnelle, l&rsquo;image professionnelle comporte un <strong>enjeu majeur<\/strong> : <strong>elle doit \u00eatre cr\u00e9dible<\/strong> aux yeux de son<strong> entourage professionnel !<\/strong><\/p>\n\n\n\n<p>Comme l&rsquo;explique Aude Roy, pr\u00e9sidente et fondatrice de l&rsquo;AFIPP, dans son livre <em>Ma\u00eetrisez votre image professionnelle<\/em>, une bonne image professionnelle doit \u00eatre <strong>cr\u00e9dible<\/strong>, <strong>strat\u00e9gique<\/strong>, <strong>juste<\/strong> et <strong>confortable<\/strong>. Cr\u00e9dible et strat\u00e9gique sont des crit\u00e8res externes \u00e0 soi, ils concernent notre environnement et les autres. Juste et confortable se construisent par rapport \u00e0 nous-m\u00eame.<\/p>\n<\/div>\n\n\n\n<div class=\"wp-block-column is-vertically-aligned-center\" style=\"flex-basis:33.33%\">\n<figure class=\"wp-block-image size-large is-resized\"><img loading=\"lazy\" src=\"https:\/\/www.lauranovita.com\/lauranovita.com\/wp-content\/uploads\/2021\/03\/fashion-photography-purse-in-hand_925x-2-822x1024.jpg\" alt=\"image professionnelle\" class=\"wp-image-2570\" width=\"173\" height=\"214\"\/><\/figure>\n<\/div>\n<\/div>\n\n\n\n<p><\/p>\n\n\n\n<p><\/p>\n\n\n\n<div class=\"wp-block-columns\">\n<div class=\"wp-block-column\">\n<p><strong>Cr\u00e9dible<\/strong>&nbsp;: Elle doit refl\u00e9ter nos comp\u00e9tences, notre fiabilit\u00e9 et doit <strong>nous faire reconna\u00eetre <\/strong>comme un <strong>interlocuteur valable<\/strong>.<\/p>\n\n\n\n<p><strong>Strat\u00e9gique<\/strong>&nbsp;: elle doit s\u2019<strong>adapter \u00e0 notre interlocuteur<\/strong>. On ne s\u2019habille pas de la m\u00eame mani\u00e8re pour une r\u00e9union avec notre responsable que pour un d\u00e9jeuner avec nos parents.<\/p>\n<\/div>\n\n\n\n<div class=\"wp-block-column\">\n<p><strong>Juste<\/strong>&nbsp;: Elle exprime <strong>nos valeurs et notre personnalit\u00e9.<\/strong> Ainsi, elle nous donne <strong>force et d\u00e9termination.<\/strong> En choisissant une image juste, nous sommes en coh\u00e9rence, nous <strong>augmentons notre pouvoir relationnel et notre charisme<\/strong>.<\/p>\n\n\n\n<p><strong>Confortable<\/strong>&nbsp;: Nous devons nous <strong>sentir \u00e0 notre aise<\/strong> dans nos gestes et \u00e9galement <strong>valoris\u00e9(e)<\/strong> par notre image.<\/p>\n<\/div>\n<\/div>\n\n\n\n<p><mark style=\"background-color:rgba(0, 0, 0, 0);color:#10069f\" class=\"has-inline-color\"><strong>Construisez-vous votre image professionnelle par rapport \u00e0 votre fonction\u00a0?<\/strong> <strong>Vous rend-elle cr\u00e9dible aux yeux de vos collaborateurs\u00a0?<\/strong> <strong>Lorsque vous choisissez vos v\u00eatements, \u00e9laborez-vous votre tenue en pensant strat\u00e9gie\u00a0?<\/strong><\/mark> <strong><mark style=\"background-color:rgba(0, 0, 0, 0);color:#10069f\" class=\"has-inline-color\">Etes-vous \u00e0 l\u2019aise dans vos v\u00eatements\u00a0? Vos v\u00eatements mettent-ils votre silhouette en valeur\u00a0? <\/mark><\/strong><\/p>\n\n\n\n<p>Il est parfois difficile de comprendre les codes vestimentaires de son environnement professionnel. <strong>Et personne n&rsquo;en parle ! Comme s&rsquo;il s&rsquo;agissait d&rsquo;un tabou, un sujet difficile \u00e0 aborder.<\/strong>  Pour vous aider pensez strat\u00e9gie, cr\u00e9dibilit\u00e9, justesse et confort.  <\/p>\n\n\n\n<div style=\"height:36px\" aria-hidden=\"true\" class=\"wp-block-spacer\"><\/div>\n\n\n\n<h4 id=\"imagepro-vs-imageperso\"><mark style=\"background-color:rgba(0, 0, 0, 0);color:#fa6e16\" class=\"has-inline-color\">Quelles sont les diff\u00e9rences et les similitudes entre image professionnelle et image personnelle ?<\/mark><\/h4>\n\n\n\n<h5 class=\"has-text-align-center\"><\/h5>\n\n\n\n<p><\/p>\n\n\n\n<div class=\"wp-block-columns\">\n<div class=\"wp-block-column\">\n<h5 class=\"has-text-align-center\">Les similitudes<\/h5>\n\n\n\n<p>Tout comme l&rsquo;image personnelle, l&rsquo;image professionnelle <strong>repose sur<\/strong> <strong>sa personnalit\u00e9<\/strong>. C&rsquo;est de cette mani\u00e8re que nous nourrissons notre <strong>confiance en nous<\/strong>.<\/p>\n\n\n\n<p>Ce sont toutes les deux des <strong>outils de communication<\/strong>. <strong>En entreprise<\/strong>, en la choisissant <strong>cr\u00e9dible et strat\u00e9gique <\/strong>nous montrons nos comp\u00e9tences, notre <strong>valeur ajout\u00e9e<\/strong>. Et, <strong>dans notre vie priv\u00e9e<\/strong> nous cherchons \u00e0 montrer notre personnalit\u00e9, nos valeurs, nos qualit\u00e9s, nos atouts physiques dans le but d&rsquo;\u00eatre accept\u00e9, <strong>reconnu tel que nous sommes<\/strong> et <strong>appr\u00e9ci\u00e9 par notre entourage.<\/strong><\/p>\n\n\n\n<p><strong>Elles v\u00e9hiculent toutes les deux des valeurs<\/strong>. L&rsquo;image personnelle v\u00e9hiculera nos propres valeurs tandis que l&rsquo;image professionnelle v\u00e9hiculera les valeurs de notre entreprise.<\/p>\n<\/div>\n\n\n\n<div class=\"wp-block-column\">\n<h5 class=\"has-text-align-center\">Les diff\u00e9rences<\/h5>\n\n\n\n<p>Nous construisons notre image personnelle pour q&rsquo;elle nous procure un <strong>sentiment de bien-\u00eatre<\/strong>. <\/p>\n\n\n\n<p><strong>Nous subissons beaucoup moins de pression externe pour cr\u00e9er notre image personnelle <\/strong>que pour cr\u00e9er notre image professionnelle. Si nous cherchons \u00e0 nous int\u00e9grer \u00e0 un groupe d&rsquo;appartenant, oui nous devrons adopter certains codes vestimentaires. Mais ces groupes d&rsquo;appartenances ne sont-ils pas choisi en fonction de nos valeurs et de notre personnalit\u00e9 ?<\/p>\n\n\n\n<p><strong>En ce sens, nous pouvons dire que l&rsquo;image personnelle est choisie alors que l&rsquo;image professionnelle est en partie subie. <\/strong><\/p>\n<\/div>\n<\/div>\n\n\n\n<p><strong><span style=\"color:#10069f\" class=\"has-inline-color\">Nous avons tous notre personnalit\u00e9, elle est unique. L&rsquo;id\u00e9ale est de trouver un \u00e9quilibre entre image professionnelle et image personnelle. Et, il appartient \u00e0 chacun de trouver le sien. <\/span><\/strong><\/p>\n\n\n\n<div style=\"height:35px\" aria-hidden=\"true\" class=\"wp-block-spacer\"><\/div>\n\n\n\n<p><\/p>\n\n\n\n<div class=\"wp-block-columns\">\n<div class=\"wp-block-column\" style=\"flex-basis:66.66%\">\n<h6><strong>Si vous souhaitez un bilan d&rsquo;image ou un accompagnement personnalis\u00e9 sur votre image professionnelle ou personnelle, je suis \u00e0 votre \u00e9coute.<\/strong><\/h6>\n<\/div>\n\n\n\n<div class=\"wp-block-column\" style=\"flex-basis:33.33%\">\n<a class=\"maxbutton-2 maxbutton maxbutton-bouton-de-contact\" href=\"http:\/\/www.lauranovita.com\/lauranovita.com\/index.php\/contact\/\"><span class='mb-text'>Me contacter<\/span><\/a>\n\n\n\n<p><\/p>\n<\/div>\n<\/div>\n\n\n\n<p><a href=\"https:\/\/www.lauranovita.com\/lauranovita.com\/\">Laura Novita \u2013 Consultante en Image &amp; Communication<\/a><\/p>\n\n\n\n<h6 class=\"has-text-align-center\"><\/h6>\n\n\n\n<p><\/p>\n","protected":false},"excerpt":{"rendered":"<p>Existe-t-il des similitudes entre l&rsquo;image perso et l&rsquo;image pro ? Quel but recherchons-nous lorsque nous cr\u00e9ons nos tenues ? Quelles sont les enjeux d&rsquo;une image professionnelle ? <\/p>\n","protected":false},"author":1,"featured_media":2623,"comment_status":"open","ping_status":"open","sticky":true,"template":"","format":"standard","meta":[],"categories":[7,23,6,35],"tags":[21,18,41,52,20,53],"yoast_head":"<!-- This site is optimized with the Yoast SEO plugin v18.4.1 - https:\/\/yoast.com\/wordpress\/plugins\/seo\/ -->\n<title>Image professionnelle vs Image personnelle, quelle diff\u00e9rence ?<\/title>\n<meta name=\"description\" content=\"Existe-t-il des similitudes entre l&#039;image personnelle et l&#039;image professionnelle ? Quel but recherchons-nous lorsque nous cr\u00e9ons nos tenues ?\" \/>\n<meta name=\"robots\" content=\"index, follow, max-snippet:-1, max-image-preview:large, max-video-preview:-1\" \/>\n<link rel=\"canonical\" href=\"https:\/\/www.lauranovita.com\/lauranovita.com\/index.php\/2021\/03\/05\/image-professionnelle-vs-image-personnelle\/\" \/>\n<meta property=\"og:locale\" content=\"fr_FR\" \/>\n<meta property=\"og:type\" content=\"article\" \/>\n<meta property=\"og:title\" content=\"Image professionnelle vs Image personnelle\" \/>\n<meta property=\"og:description\" content=\"Les diff\u00e9rences et les similitudes\" \/>\n<meta property=\"og:url\" content=\"https:\/\/www.lauranovita.com\/lauranovita.com\/index.php\/2021\/03\/05\/image-professionnelle-vs-image-personnelle\/\" \/>\n<meta property=\"og:site_name\" content=\"Laura Novita - Conseil en Image et Communication 08\" \/>\n<meta property=\"article:published_time\" content=\"2021-03-05T15:06:27+00:00\" \/>\n<meta property=\"article:modified_time\" content=\"2022-06-08T12:10:55+00:00\" \/>\n<meta property=\"og:image\" content=\"https:\/\/www.lauranovita.com\/lauranovita.com\/wp-content\/uploads\/2020\/03\/ben-rosett-10614-unsplash-2.jpg\" \/>\n\t<meta property=\"og:image:width\" content=\"5048\" \/>\n\t<meta property=\"og:image:height\" content=\"3370\" \/>\n\t<meta property=\"og:image:type\" content=\"image\/jpeg\" \/>\n<meta name=\"twitter:card\" content=\"summary_large_image\" \/>\n<meta name=\"twitter:label1\" content=\"\u00c9crit par\" \/>\n\t<meta name=\"twitter:data1\" content=\"lnovita\" \/>\n\t<meta name=\"twitter:label2\" content=\"Dur\u00e9e de lecture estim\u00e9e\" \/>\n\t<meta name=\"twitter:data2\" content=\"6 minutes\" \/>\n<script type=\"application\/ld+json\" class=\"yoast-schema-graph\">{\"@context\":\"https:\/\/schema.org\",\"@graph\":[{\"@type\":\"WebSite\",\"@id\":\"https:\/\/www.lauranovita.com\/lauranovita.com\/#website\",\"url\":\"https:\/\/www.lauranovita.com\/lauranovita.com\/\",\"name\":\"Laura Novita - Conseil en Image et Communication 08\",\"description\":\"Osez \u00eatre vous\",\"potentialAction\":[{\"@type\":\"SearchAction\",\"target\":{\"@type\":\"EntryPoint\",\"urlTemplate\":\"https:\/\/www.lauranovita.com\/lauranovita.com\/?s={search_term_string}\"},\"query-input\":\"required name=search_term_string\"}],\"inLanguage\":\"fr-FR\"},{\"@type\":\"ImageObject\",\"@id\":\"https:\/\/www.lauranovita.com\/lauranovita.com\/index.php\/2021\/03\/05\/image-professionnelle-vs-image-personnelle\/#primaryimage\",\"inLanguage\":\"fr-FR\",\"url\":\"https:\/\/www.lauranovita.com\/lauranovita.com\/wp-content\/uploads\/2020\/03\/ben-rosett-10614-unsplash-2.jpg\",\"contentUrl\":\"https:\/\/www.lauranovita.com\/lauranovita.com\/wp-content\/uploads\/2020\/03\/ben-rosett-10614-unsplash-2.jpg\",\"width\":5048,\"height\":3370},{\"@type\":\"WebPage\",\"@id\":\"https:\/\/www.lauranovita.com\/lauranovita.com\/index.php\/2021\/03\/05\/image-professionnelle-vs-image-personnelle\/#webpage\",\"url\":\"https:\/\/www.lauranovita.com\/lauranovita.com\/index.php\/2021\/03\/05\/image-professionnelle-vs-image-personnelle\/\",\"name\":\"Image professionnelle vs Image personnelle, quelle diff\u00e9rence ?\",\"isPartOf\":{\"@id\":\"https:\/\/www.lauranovita.com\/lauranovita.com\/#website\"},\"primaryImageOfPage\":{\"@id\":\"https:\/\/www.lauranovita.com\/lauranovita.com\/index.php\/2021\/03\/05\/image-professionnelle-vs-image-personnelle\/#primaryimage\"},\"datePublished\":\"2021-03-05T15:06:27+00:00\",\"dateModified\":\"2022-06-08T12:10:55+00:00\",\"author\":{\"@id\":\"https:\/\/www.lauranovita.com\/lauranovita.com\/#\/schema\/person\/c66910b8c291439ff8059bb68136015b\"},\"description\":\"Existe-t-il des similitudes entre l'image personnelle et l'image professionnelle ? Quel but recherchons-nous lorsque nous cr\u00e9ons nos tenues ?\",\"breadcrumb\":{\"@id\":\"https:\/\/www.lauranovita.com\/lauranovita.com\/index.php\/2021\/03\/05\/image-professionnelle-vs-image-personnelle\/#breadcrumb\"},\"inLanguage\":\"fr-FR\",\"potentialAction\":[{\"@type\":\"ReadAction\",\"target\":[\"https:\/\/www.lauranovita.com\/lauranovita.com\/index.php\/2021\/03\/05\/image-professionnelle-vs-image-personnelle\/\"]}]},{\"@type\":\"BreadcrumbList\",\"@id\":\"https:\/\/www.lauranovita.com\/lauranovita.com\/index.php\/2021\/03\/05\/image-professionnelle-vs-image-personnelle\/#breadcrumb\",\"itemListElement\":[{\"@type\":\"ListItem\",\"position\":1,\"name\":\"Accueil\",\"item\":\"https:\/\/www.lauranovita.com\/lauranovita.com\/\"},{\"@type\":\"ListItem\",\"position\":2,\"name\":\"Image professionnelle vs Image personnelle\"}]},{\"@type\":\"Person\",\"@id\":\"https:\/\/www.lauranovita.com\/lauranovita.com\/#\/schema\/person\/c66910b8c291439ff8059bb68136015b\",\"name\":\"lnovita\",\"image\":{\"@type\":\"ImageObject\",\"@id\":\"https:\/\/www.lauranovita.com\/lauranovita.com\/#personlogo\",\"inLanguage\":\"fr-FR\",\"url\":\"https:\/\/secure.gravatar.com\/avatar\/28173cd28a9b161f5fa5c04138eb7746?s=96&d=mm&r=g\",\"contentUrl\":\"https:\/\/secure.gravatar.com\/avatar\/28173cd28a9b161f5fa5c04138eb7746?s=96&d=mm&r=g\",\"caption\":\"lnovita\"},\"url\":\"https:\/\/www.lauranovita.com\/lauranovita.com\/index.php\/author\/lnovita\/\"}]}<\/script>\n<!-- \/ Yoast SEO plugin. -->","yoast_head_json":{"title":"Image professionnelle vs Image personnelle, quelle diff\u00e9rence ?","description":"Existe-t-il des similitudes entre l'image personnelle et l'image professionnelle ? Quel but recherchons-nous lorsque nous cr\u00e9ons nos tenues ?","robots":{"index":"index","follow":"follow","max-snippet":"max-snippet:-1","max-image-preview":"max-image-preview:large","max-video-preview":"max-video-preview:-1"},"canonical":"https:\/\/www.lauranovita.com\/lauranovita.com\/index.php\/2021\/03\/05\/image-professionnelle-vs-image-personnelle\/","og_locale":"fr_FR","og_type":"article","og_title":"Image professionnelle vs Image personnelle","og_description":"Les diff\u00e9rences et les similitudes","og_url":"https:\/\/www.lauranovita.com\/lauranovita.com\/index.php\/2021\/03\/05\/image-professionnelle-vs-image-personnelle\/","og_site_name":"Laura Novita - Conseil en Image et Communication 08","article_published_time":"2021-03-05T15:06:27+00:00","article_modified_time":"2022-06-08T12:10:55+00:00","og_image":[{"width":5048,"height":3370,"url":"https:\/\/www.lauranovita.com\/lauranovita.com\/wp-content\/uploads\/2020\/03\/ben-rosett-10614-unsplash-2.jpg","type":"image\/jpeg"}],"twitter_card":"summary_large_image","twitter_misc":{"\u00c9crit par":"lnovita","Dur\u00e9e de lecture estim\u00e9e":"6 minutes"},"schema":{"@context":"https:\/\/schema.org","@graph":[{"@type":"WebSite","@id":"https:\/\/www.lauranovita.com\/lauranovita.com\/#website","url":"https:\/\/www.lauranovita.com\/lauranovita.com\/","name":"Laura Novita - Conseil en Image et Communication 08","description":"Osez \u00eatre vous","potentialAction":[{"@type":"SearchAction","target":{"@type":"EntryPoint","urlTemplate":"https:\/\/www.lauranovita.com\/lauranovita.com\/?s={search_term_string}"},"query-input":"required name=search_term_string"}],"inLanguage":"fr-FR"},{"@type":"ImageObject","@id":"https:\/\/www.lauranovita.com\/lauranovita.com\/index.php\/2021\/03\/05\/image-professionnelle-vs-image-personnelle\/#primaryimage","inLanguage":"fr-FR","url":"https:\/\/www.lauranovita.com\/lauranovita.com\/wp-content\/uploads\/2020\/03\/ben-rosett-10614-unsplash-2.jpg","contentUrl":"https:\/\/www.lauranovita.com\/lauranovita.com\/wp-content\/uploads\/2020\/03\/ben-rosett-10614-unsplash-2.jpg","width":5048,"height":3370},{"@type":"WebPage","@id":"https:\/\/www.lauranovita.com\/lauranovita.com\/index.php\/2021\/03\/05\/image-professionnelle-vs-image-personnelle\/#webpage","url":"https:\/\/www.lauranovita.com\/lauranovita.com\/index.php\/2021\/03\/05\/image-professionnelle-vs-image-personnelle\/","name":"Image professionnelle vs Image personnelle, quelle diff\u00e9rence ?","isPartOf":{"@id":"https:\/\/www.lauranovita.com\/lauranovita.com\/#website"},"primaryImageOfPage":{"@id":"https:\/\/www.lauranovita.com\/lauranovita.com\/index.php\/2021\/03\/05\/image-professionnelle-vs-image-personnelle\/#primaryimage"},"datePublished":"2021-03-05T15:06:27+00:00","dateModified":"2022-06-08T12:10:55+00:00","author":{"@id":"https:\/\/www.lauranovita.com\/lauranovita.com\/#\/schema\/person\/c66910b8c291439ff8059bb68136015b"},"description":"Existe-t-il des similitudes entre l'image personnelle et l'image professionnelle ? Quel but recherchons-nous lorsque nous cr\u00e9ons nos tenues ?","breadcrumb":{"@id":"https:\/\/www.lauranovita.com\/lauranovita.com\/index.php\/2021\/03\/05\/image-professionnelle-vs-image-personnelle\/#breadcrumb"},"inLanguage":"fr-FR","potentialAction":[{"@type":"ReadAction","target":["https:\/\/www.lauranovita.com\/lauranovita.com\/index.php\/2021\/03\/05\/image-professionnelle-vs-image-personnelle\/"]}]},{"@type":"BreadcrumbList","@id":"https:\/\/www.lauranovita.com\/lauranovita.com\/index.php\/2021\/03\/05\/image-professionnelle-vs-image-personnelle\/#breadcrumb","itemListElement":[{"@type":"ListItem","position":1,"name":"Accueil","item":"https:\/\/www.lauranovita.com\/lauranovita.com\/"},{"@type":"ListItem","position":2,"name":"Image professionnelle vs Image personnelle"}]},{"@type":"Person","@id":"https:\/\/www.lauranovita.com\/lauranovita.com\/#\/schema\/person\/c66910b8c291439ff8059bb68136015b","name":"lnovita","image":{"@type":"ImageObject","@id":"https:\/\/www.lauranovita.com\/lauranovita.com\/#personlogo","inLanguage":"fr-FR","url":"https:\/\/secure.gravatar.com\/avatar\/28173cd28a9b161f5fa5c04138eb7746?s=96&d=mm&r=g","contentUrl":"https:\/\/secure.gravatar.com\/avatar\/28173cd28a9b161f5fa5c04138eb7746?s=96&d=mm&r=g","caption":"lnovita"},"url":"https:\/\/www.lauranovita.com\/lauranovita.com\/index.php\/author\/lnovita\/"}]}},"_links":{"self":[{"href":"https:\/\/www.lauranovita.com\/lauranovita.com\/index.php\/wp-json\/wp\/v2\/posts\/2524"}],"collection":[{"href":"https:\/\/www.lauranovita.com\/lauranovita.com\/index.php\/wp-json\/wp\/v2\/posts"}],"about":[{"href":"https:\/\/www.lauranovita.com\/lauranovita.com\/index.php\/wp-json\/wp\/v2\/types\/post"}],"author":[{"embeddable":true,"href":"https:\/\/www.lauranovita.com\/lauranovita.com\/index.php\/wp-json\/wp\/v2\/users\/1"}],"replies":[{"embeddable":true,"href":"https:\/\/www.lauranovita.com\/lauranovita.com\/index.php\/wp-json\/wp\/v2\/comments?post=2524"}],"version-history":[{"count":109,"href":"https:\/\/www.lauranovita.com\/lauranovita.com\/index.php\/wp-json\/wp\/v2\/posts\/2524\/revisions"}],"predecessor-version":[{"id":4821,"href":"https:\/\/www.lauranovita.com\/lauranovita.com\/index.php\/wp-json\/wp\/v2\/posts\/2524\/revisions\/4821"}],"wp:featuredmedia":[{"embeddable":true,"href":"https:\/\/www.lauranovita.com\/lauranovita.com\/index.php\/wp-json\/wp\/v2\/media\/2623"}],"wp:attachment":[{"href":"https:\/\/www.lauranovita.com\/lauranovita.com\/index.php\/wp-json\/wp\/v2\/media?parent=2524"}],"wp:term":[{"taxonomy":"category","embeddable":true,"href":"https:\/\/www.lauranovita.com\/lauranovita.com\/index.php\/wp-json\/wp\/v2\/categories?post=2524"},{"taxonomy":"post_tag","embeddable":true,"href":"https:\/\/www.lauranovita.com\/lauranovita.com\/index.php\/wp-json\/wp\/v2\/tags?post=2524"}],"curies":[{"name":"wp","href":"https:\/\/api.w.org\/{rel}","templated":true}]}}